{"id":18538,"date":"2025-12-21T21:23:02","date_gmt":"2025-12-21T21:23:02","guid":{"rendered":"https:\/\/dev.dafaleague.com\/euro-pred-challenge\/in\/?p=18538"},"modified":"2025-12-21T22:20:53","modified_gmt":"2025-12-21T22:20:53","slug":"wonaco-casino-review-guncel-frsatlar-5","status":"publish","type":"post","link":"https:\/\/dev.dafaleague.com\/euro-pred-challenge\/in\/2025\/12\/21\/wonaco-casino-review-guncel-frsatlar-5\/","title":{"rendered":"Wonaco Casino Review: g\u00fcncel f\u0131rsatlar"},"content":{"rendered":"<h1>Wonaco Casino Review: g\u00fcncel f\u0131rsatlar  <\/h1>\n<p>Tak\u0131m\u0131n ilk kalecisi Danijel Subasic&#8217;in sakatl\u0131\u011f\u0131 nedeniyle forma giyen De Sanctis&#8217;in de ma\u00e7a devam edememesiyle Monaco kalesini 18 ya\u015f\u0131ndaki Badishile korudu. Fenerbah\u00e7e&#8217;de, Monaco kar\u015f\u0131la\u015fmas\u0131 \u00f6ncesi sakatl\u0131klar\u0131 ve cezalar\u0131 nedeniyle 6 futbolcu forma giyemedi. Fenerbah\u00e7e&#8217;nin Sivasspor&#8217;dan kadrosuna katt\u0131\u011f\u0131 Aat\u0131f Chahechouhe, sar\u0131-lacivertli formayla ilk resmi ma\u00e7\u0131na \u00e7\u0131kt\u0131. Fransa do\u011fumlu Fasl\u0131 futbolcu, 71. Dakikada Emenike&#8217;nin yerine oyuna girerek, resmi bir ma\u00e7ta ilk kez sar\u0131-lacivertli formay\u0131 terletti. Kerem Akt\u00fcrko\u011flu ve Orkun K\u00f6k\u00e7\u00fc, m\u00fccadeleye ilk 11&#8217;de ba\u015flarlarken Kerem Akt\u00fcrko\u011flu, 22.<\/p>\n<p>Dakikada De Sanctis sakatlanarak oyundan \u00e7\u0131kt\u0131 ve yerine Badiashile girdi. UEFA \u015eampiyonlar Ligi Eleme Turu Play-off r\u00f6van\u015f ma\u00e7\u0131nda Benfica, sahas\u0131nda Monaco&#8217;yu a\u011f\u0131rlad\u0131. \u0130lk ma\u00e7\u0131 deplasmanda 1-0 kazanan Benfica, evindeki m\u00fccadeleyi 3-3&#8217;l\u00fck beraberlikle noktalayarak ad\u0131n\u0131 son 16&#8217;ya yazd\u0131rd\u0131. Milli y\u0131ld\u0131zlar\u0131m\u0131z Kerem Akt\u00fcrko\u011flu ve Orkun K\u00f6k\u00e7\u00fc, birer golle ma\u00e7a damga vurdular. Fenerbah\u00e7e Kul\u00fcb\u00fc, basketbolda T\u00fcrkiye&#8217;ye 5 Avrupa kupas\u0131 getirdi.<\/p>\n<h2>wonaco 1<\/h2>\n<p>Geride kalan sezonu kiral\u0131k olarak ba\u015fka tak\u0131mlarda ge\u00e7iren Emenike, Fenerbah\u00e7e&#8217;ye g\u00fczel bir d\u00f6n\u00fc\u015f yapt\u0131. Nijeryal\u0131 forvet, sar\u0131-lacivertli formayla 456 g\u00fcn sonra gol sevinci ya\u015fad\u0131. Emenike, Fenerbah\u00e7e formas\u0131yla son olarak Ziraat T\u00fcrkiye Kupas\u0131&#8217;nda 28 Nisan 2015&#8217;te oynanan ma\u00e7ta Bursaspor&#8217;un a\u011flar\u0131n\u0131 havaland\u0131rm\u0131\u015ft\u0131.<\/p>\n<ul>\n<li>UEFA \u015eampiyonlar Ligi play-off turu r\u00f6van\u015f ma\u00e7\u0131nda, Benfica ile Monaco 3-3 berabere kald\u0131.<\/li>\n<li>Orta sahan\u0131n ortas\u0131nda ise Josef de Souza, Ozan Tufan ve Salih U\u00e7an forma giydi.<\/li>\n<li>Dakikada me\u015fin yuvarlakla sa\u011f kanatta bulu\u015fan Dirar, kaleci Ertu\u011frul Ta\u015fk\u0131ran&#8217;\u0131n beklemedi\u011fi anda dar a\u00e7\u0131ya ra\u011fmen kaleyi denedi ancak top yak\u0131n direkten oyun alan\u0131na d\u00f6nd\u00fc.<\/li>\n<li>H\u0131zl\u0131 geli\u015fen Fenerbah\u00e7e ata\u011f\u0131nda sol kanatta topla bulu\u015fan Hasan Ali Kald\u0131r\u0131m, bekletmeden ortas\u0131n\u0131 yapt\u0131.<\/li>\n<li>Fenerbah\u00e7e Kul\u00fcb\u00fc, basketbolda T\u00fcrkiye&#8217;ye 5 Avrupa kupas\u0131 getirdi.<\/li>\n<li>Fenerbah\u00e7e&#8217;nin kiradan d\u00f6nen futbolcular\u0131 Salih U\u00e7an 810, Emenike ise 433 g\u00fcn sonra resmi bir ma\u00e7ta sar\u0131-lacivertli formay\u0131 giydi.<\/li>\n<li>Fenerbah\u00e7e&#8217;nin yeni transferlerinden Van der Wiel, Skrtel ve Neustadter, ilk kez resmi bir ma\u00e7ta sar\u0131-lacivertli formay\u0131 giydi.<\/li>\n<li>Taraftarlar trib\u00fcnde, \u00fczerinde &#8220;Game Over Feto (Oyun bitti Feto)&#8221; yaz\u0131l\u0131 pankart a\u00e7t\u0131.<\/li>\n<li>Kez D\u00f6rtl\u00fc Final tecr\u00fcbesi ya\u015fayan sar\u0131-lacivertliler, 2017&#8217;nin d\u0131\u015f\u0131nda 2016 ve 2018&#8217;de de final oynad\u0131.<\/li>\n<li>Sar\u0131-lacivertlilerde orta sahan\u0131n sa\u011f\u0131nda Gregory van der Wiel, solunda ise Hasan Ali Kald\u0131r\u0131m \u015fans buldu.<\/li>\n<\/ul>\n<p>H\u0131zl\u0131 geli\u015fen Fenerbah\u00e7e ata\u011f\u0131nda sol kanatta topla bulu\u015fan Hasan Ali Kald\u0131r\u0131m, bekletmeden ortas\u0131n\u0131 yapt\u0131. Dakikada Salih U\u00e7an&#8217;\u0131n \u015f\u0131k topuk pas\u0131yla sol \u00e7aprazdan ceza alan\u0131na giren Ozan Tufan, kaleci Badiashile kar\u015f\u0131 kar\u015f\u0131ya kald\u0131. Ozan&#8217;\u0131n dar a\u00e7\u0131ya ra\u011fmen sa\u011f aya\u011f\u0131n\u0131n d\u0131\u015f\u0131yla yapt\u0131\u011f\u0131 vuru\u015fta gen\u00e7 kaleci ayaklar\u0131yla topu kornere \u00e7eldi. Dakikada me\u015fin yuvarlakla sa\u011f kanatta bulu\u015fan Dirar,  kaleci Ertu\u011frul Ta\u015fk\u0131ran&#8217;\u0131n beklemedi\u011fi anda dar a\u00e7\u0131ya ra\u011fmen kaleyi denedi ancak top yak\u0131n direkten oyun alan\u0131na d\u00f6nd\u00fc. Ceza alan\u0131 i\u00e7inde savunman\u0131n uzakla\u015ft\u0131ramad\u0131\u011f\u0131 me\u015fin yuvarlak Fabinho&#8217;nun \u00f6n\u00fcnde kal\u0131rken, bu oyuncunun vuru\u015funda top \u00fcstten auta \u00e7\u0131kt\u0131.<\/p>\n<p>Ligi ekibi Monaco ile kar\u015f\u0131la\u015fan Fenerbah\u00e7e, 62 g\u00fcn sonra resmi ma\u00e7a \u00e7\u0131kt\u0131. Geride kalan sezonu Spor Toto S\u00fcper Lig&#8217;de 2. <a href=\"https:\/\/www.assarto.de\/\">wonaco assarto.de<\/a> S\u0131rada tamamlayarak UEFA \u015eampiyonlar Ligi&#8217;nde \u00f6n eleme turu oynamaya hak kazanan sar\u0131-lacivertliler, Monaco kar\u015f\u0131s\u0131na bu sezonki ilk resmi m\u00fccadelesini verdi. Monaco&#8217;nun \u0130talyan kaleci Morgan De Sanctis, sakatl\u0131\u011f\u0131 sebebiyle 13. Dakikada topu a\u011flarla bulu\u015fturdu\u011fu ancak faul gerek\u00e7esiyle say\u0131lmayan gol\u00fcn oldu\u011fu pozisyonda sakatlanan 39 ya\u015f\u0131ndaki \u0130talyan file bek\u00e7isi, 13. Dakikada yerini Loic Badiashile&#8217;ye b\u0131rakt\u0131.<\/p>\n<h3>wonaco 1<\/h3>\n<p>Dakikadaki gol\u00fcyle \u00f6ne ge\u00e7en Fenerbah\u00e7e, Radamel Falcao&#8217;nun 42. Dakikada fileleri havaland\u0131rmas\u0131na engel olamay\u0131nca ilk yar\u0131 1-1 bitti. Dakikada Emenike&#8217;nin \u015f\u0131k gol\u00fcyle bir kez daha \u00f6ne ge\u00e7en Fenerbah\u00e7e, \u00fcst\u00fcnl\u00fc\u011f\u00fcn\u00fc koruyarak sahadan 2-1 galip ayr\u0131ld\u0131. Fenerbah\u00e7e&#8217;nin kiradan d\u00f6nen futbolcular\u0131 Salih U\u00e7an 810, Emenike ise 433 g\u00fcn sonra resmi bir ma\u00e7ta sar\u0131-lacivertli formay\u0131 giydi.<\/p>\n<ul>\n<li>Erkeklerde 2017&#8217;de Avrupa Ligi zirvesinde yer alan Fenerbah\u00e7e, kad\u0131nlarda ise Avrupa Ligi&#8217;ni 2023 ve 2024&#8217;te, Avrupa S\u00fcper Kupas\u0131&#8217;n\u0131 da ayn\u0131 y\u0131llarda iki kez elde etti.<\/li>\n<li>Dakikada Fenerbah\u00e7e, Salih U\u00e7an ile gole \u00e7ok yakla\u015ft\u0131.<\/li>\n<li>T\u00fcrkiye&#8217;den ve D\u00fcnya\u2019dan son dakika spor haberleri, k\u00f6\u015fe yaz\u0131lar\u0131ndan spor ve ma\u00e7 yorumlar\u0131, spor magazin haberleri, spor ile ilgili b\u00fct\u00fcn konular\u0131n tek adresi fanatik.com.tr.<\/li>\n<li>Dakikada Salih U\u00e7an&#8217;\u0131n \u015f\u0131k topuk pas\u0131yla sol \u00e7aprazdan ceza alan\u0131na giren Ozan Tufan, kaleci Badiashile kar\u015f\u0131 kar\u015f\u0131ya kald\u0131.<\/li>\n<li>Kar\u015f\u0131la\u015fmay\u0131 izleyen Fenerbah\u00e7eli taraftarlar, Fetullah\u00e7\u0131 Ter\u00f6r \u00d6rg\u00fct\u00fc&#8217;n\u00fcn (FET\u00d6) darbe giri\u015fimine tepki g\u00f6sterdi.<\/li>\n<li>Fenerbah\u00e7e taraftar\u0131 ma\u00e7a ilgi g\u00f6stermedi.<\/li>\n<li>Kalan b\u00f6l\u00fcmde ba\u015fka gol olmad\u0131 ve m\u00fccadele 3-3&#8217;l\u00fck e\u015fitlikle sona erdi.<\/li>\n<li>Ki\u015fisel verileriniz, Ayd\u0131nlatma Metni kapsam\u0131nda i\u015flenmektedir.<\/li>\n<li>\u00dclker Stad\u0131&#8217;nda oynanan ma\u00e7ta trib\u00fcnlerin \u00e7ok b\u00fcy\u00fck k\u0131sm\u0131 bo\u015f kald\u0131.<\/li>\n<\/ul>\n<p>Fenerbah\u00e7e, Frans\u0131z ekiplerine kar\u015f\u0131 43 y\u0131l sonra i\u00e7 sahada galip geldi. Son olarak 7 Kas\u0131m 1973&#8217;te Nice&#8217;i \u0130stanbul&#8217;da 2-0 yenen sar\u0131-lacivertliler, daha sonra Frans\u0131z ekipleriyle seyircisi \u00f6n\u00fcnde oynad\u0131\u011f\u0131 6 ma\u00e7\u0131 da galip bitirememi\u015fti. Sar\u0131-lacivertliler, Monaco&#8217;yu 2-1 yenerek bu hasretine son vermi\u015f oldu. Fenerbah\u00e7e taraftar\u0131 ma\u00e7a ilgi g\u00f6stermedi. \u00dclker Stad\u0131&#8217;nda oynanan ma\u00e7ta trib\u00fcnlerin \u00e7ok b\u00fcy\u00fck k\u0131sm\u0131 bo\u015f kald\u0131.<\/p>\n<p>Basketbol tutkunlar\u0131, bu b\u00fcy\u00fck kar\u015f\u0131la\u015fmay\u0131 canl\u0131 izlemek i\u00e7in geri say\u0131ma ba\u015flad\u0131. Fenerbah\u00e7e Kul\u00fcb\u00fc&#8217;n\u00fcn, Fransa&#8217;da 3 A\u011fustos&#8217;ta oynanacak r\u00f6van\u015f ma\u00e7\u0131na sar\u0131-lacivertli taraftarlar\u0131n al\u0131nmas\u0131 i\u00e7in Monaco Prensli\u011fi&#8217;ne yapt\u0131\u011f\u0131 ba\u015fvuruya olumsuz yan\u0131t verildi. Sar\u0131-lacivertli kul\u00fcpten yap\u0131lan a\u00e7\u0131klamada, konuyla ilgili Monaco Prensli\u011fi \u0130\u00e7i\u015fleri Bakanl\u0131\u011f\u0131 Dan\u0131\u015fman\u0131&#8217;n\u0131n imzas\u0131yla Monaco Genel Direkt\u00f6rl\u00fc\u011f\u00fc&#8217;ne yaz\u0131 g\u00f6nderildi\u011fi belirtildi. Yaz\u0131da, sar\u0131-lacivertli taraftarlar\u0131n Monaco Prensli\u011fi topraklar\u0131nda bulunmalar\u0131n\u0131n h\u00fck\u00fcmet karar\u0131yla yasakland\u0131\u011f\u0131 hat\u0131rlat\u0131ld\u0131. Monaco Prensli\u011fi, daha \u00f6nce de sar\u0131-lacivertli taraftarlar\u0131n 3 A\u011fustos&#8217;ta oynanacak ma\u00e7 i\u00e7in Monaco&#8217;ya al\u0131nmayaca\u011f\u0131n\u0131 duyurmu\u015ftu. Dakikada Emenike, net bir gol pozisyonunu de\u011ferlendiremedi.<\/p>\n<p>Dakikada Thilo Kehrer&#8217;in ceza sahas\u0131 i\u00e7erisinde Fredrik Aursnes&#8217;e m\u00fcdahalesine ili\u015fkin VAR incelemesi sonucunda Benfica, penalt\u0131 kazand\u0131. Ki\u015fisel verileriniz, Ayd\u0131nlatma Metni kapsam\u0131nda i\u015flenmektedir. \u201c\u00dcye ol\u201d veya \u201cSosyal Hesap\u201d butonlar\u0131ndan birine basarak \u00dcyelik S\u00f6zle\u015fmesi\u2019ni, R\u0131za Metni\u2019ni, \u00c7erez Politikas\u0131\u2019n\u0131 okudu\u011funuzu ve kabul etti\u011finizi onayl\u0131yorsunuz.<\/p>\n<p>Dakikada iki de\u011fi\u015fiklik birden yaparken Kerem Akt\u00fcrko\u011flu ve Andreas Schjelderup&#8217;un yerine Zeki Amdouni ve Samuel Dahl oyuna dahil oldular. Sar\u0131-lacivertliler, rakibini yenerse T\u00fcrk basketbolu Avrupa Ligi&#8217;nde 4&#8217;\u00fcnc\u00fc, toplamda ise 17&#8217;nci zaferini ya\u015fayacak. Kalan b\u00f6l\u00fcmde ba\u015fka gol olmad\u0131 ve m\u00fccadele 3-3&#8217;l\u00fck e\u015fitlikle sona erdi.<\/p>\n<p>THY EuroLeague finali; Monaco &#8211; Fenerbah\u00e7e Beko ma\u00e7\u0131 bug\u00fcn oynanacak. \u015eampiyonluk  kar\u015f\u0131la\u015fmas\u0131 TS\u0130 20.00&#8217;de ba\u015flayacak. Dakikada Salih U\u00e7an&#8217;\u0131n g\u00fczel topuk pas\u0131nda ceza sahas\u0131nda giren Ozan Tufan&#8217;\u0131n vuru\u015funu kaleci Badiashile ayaklar\u0131yla kornere \u00e7eldi. Dakikada Fenerbah\u00e7e, kornerden gelen topta Fernandao ile a\u011flar\u0131 havaland\u0131rd\u0131. Ancak hakem Manzano, olu\u015fan karambolde kaleci De Sanctis&#8217;e faul yap\u0131ld\u0131\u011f\u0131 gerek\u00e7esiyle gol\u00fc vermedi.<\/p>\n<p>Nijeryal\u0131 forvet, bu ma\u00e7tan \u00f6nce Kad\u0131k\u00f6y&#8217;deki son gol\u00fcn\u00fc ise 31 A\u011fustos 2014&#8217;te Kardemir Karab\u00fckspor kar\u015f\u0131s\u0131nda atm\u0131\u015ft\u0131. Emenike, resmi ma\u00e7lardaki son gol\u00fcn\u00fc de West Ham United formas\u0131yla 21 \u015eubat&#8217;ta \u0130ngiltere Federasyon Kupas\u0131&#8217;nda Blackburn Rovers kar\u015f\u0131s\u0131nda kaydetmi\u015fti. \u00d6te yandan kar\u015f\u0131la\u015fman\u0131n ikinci yar\u0131s\u0131nda oyundan \u00e7\u0131kan Emenike&#8217;ye taraftarlar b\u00fcy\u00fck sevgi g\u00f6sterisinde bulundu. Fenerbah\u00e7e, UEFA \u015eampiyonlar Ligi 3.<\/p>\n<ul>\n<li>Kariyerindeki ilk Avrupa kupas\u0131 ma\u00e7\u0131na \u00e7\u0131kan ve Monaco&#8217;nun gol\u00fcnde topu kontrol edemeyen Fenerbah\u00e7e&#8217;nin kalecisi Ertu\u011frul Ta\u015fk\u0131ran&#8217;a taraftarlar destek verdi.<\/li>\n<li>Dakikada fileleri havaland\u0131rmas\u0131na engel olamay\u0131nca ilk yar\u0131 1-1 bitti.<\/li>\n<li>Kerem Akt\u00fcrko\u011flu ve Orkun K\u00f6k\u00e7\u00fc, m\u00fccadeleye ilk 11&#8217;de ba\u015flarlarken Kerem Akt\u00fcrko\u011flu, 22.<\/li>\n<li>Dakikada Fenerbah\u00e7e, kornerden gelen topta Fernandao ile a\u011flar\u0131 havaland\u0131rd\u0131.<\/li>\n<li>R\u00f6van\u015f m\u00fccadelesinde normal s\u00fcrenin 2-1 Monaco&#8217;nun \u00fcst\u00fcnl\u00fc\u011f\u00fcyle tamamlamas\u0131 durumunda kar\u015f\u0131la\u015fma uzatmaya gidecek.<\/li>\n<li>Dakikada Eliesse Ben Seghir&#8217;in gol\u00fcyle Frans\u0131z ekibi 2-1 \u00f6ne ge\u00e7ti.<\/li>\n<li>Basketbol tutkunlar\u0131, bu b\u00fcy\u00fck kar\u015f\u0131la\u015fmay\u0131 canl\u0131 izlemek i\u00e7in geri say\u0131ma ba\u015flad\u0131.<\/li>\n<li>Geride kalan sezonu Spor Toto S\u00fcper Lig&#8217;de 2.<\/li>\n<li>THY EuroLeague finali; Monaco &#8211; Fenerbah\u00e7e Beko ma\u00e7\u0131 bug\u00fcn oynanacak.<\/li>\n<li>Tak\u0131m\u0131n ilk kalecisi Danijel Subasic&#8217;in sakatl\u0131\u011f\u0131 nedeniyle forma giyen De Sanctis&#8217;in de ma\u00e7a devam edememesiyle Monaco kalesini 18 ya\u015f\u0131ndaki Badishile korudu.<\/li>\n<\/ul>\n<p>Sar\u0131-lacivertlilerde Braga ma\u00e7\u0131nda g\u00f6rd\u00fc\u011f\u00fc k\u0131rm\u0131z\u0131 kart nedeniyle 3 ma\u00e7 ceza alan Alper Potuk, cezas\u0131n\u0131n ilkini Monaco kar\u015f\u0131s\u0131nda oynamayarak \u00e7ekti. Braga kar\u015f\u0131s\u0131nda \u00e7ift sar\u0131 karttan oyundan at\u0131lan Mehmet Topal kar\u015f\u0131la\u015fmada forma giyemedi. Fenerbah\u00e7e Teknik Direkt\u00f6r\u00fc Pereira, tak\u0131m\u0131n\u0131 yeni oyun sistemi olan 3-5-2&#8217;yle sahaya s\u00fcrd\u00fc. Sezon \u00f6ncesi haz\u0131rl\u0131k ma\u00e7lar\u0131nda denedi\u011fi sistemi resmi ma\u00e7a da ta\u015f\u0131yan Pereira, kalede Ertu\u011frul Ta\u015fk\u0131ran&#8217;a \u015fans verdi. Savunma \u00fc\u00e7l\u00fcs\u00fcn\u00fcn sa\u011f\u0131nda Roman Neustadter, ortas\u0131nda Martin Skrtel, solunda ise Simon Kjaer oynad\u0131. Sar\u0131-lacivertlilerde orta sahan\u0131n sa\u011f\u0131nda Gregory van der Wiel, solunda ise Hasan Ali Kald\u0131r\u0131m \u015fans buldu.<\/p>\n<p>Nijeryal\u0131 oyuncunun bekletmeden att\u0131\u011f\u0131 \u015futta, kaleci Badiashile soluna gelen topu g\u00fc\u00e7l\u00fckle \u00e7eldi. Dakikada sar\u0131-lacivertli ekip yine rakip kalede etkili oldu. Monaco yar\u0131 alan\u0131n\u0131n solunda kazan\u0131lan serbest vuru\u015fu Salih U\u00e7an kulland\u0131. Bu oyuncunun ceza sahas\u0131na ortalad\u0131\u011f\u0131 topa alt\u0131pas \u00f6n\u00fcnde y\u00fckselen Neustadler kafayla vurdu ancak kaleci De Sanctis soluna gelen me\u015fin yuvarla\u011f\u0131 u\u00e7arak \u00e7\u0131kard\u0131. Fenerbah\u00e7e Beko, EuroLeague&#8217;de tarih yazmaya haz\u0131rlan\u0131yor. Panathinaikos kar\u015f\u0131s\u0131nda elde etti\u011fi kritik galibiyetle finale y\u00fckselen sar\u0131 lacivertli ekip, Abu Dabi\u2019de oynanacak dev finalde Frans\u0131z temsilcisi Monaco\u2019ya kar\u015f\u0131 parkede olacak.<\/p>\n<p>UEFA \u015eampiyonlar Ligi play-off turu r\u00f6van\u015f ma\u00e7\u0131nda, Benfica ile Monaco 3-3 berabere kald\u0131. \u0130lk ma\u00e7ta 1-0&#8217;l\u0131k galibiyet elde eden Benfica, toplamda 4-3&#8217;l\u00fck skorla son 16 turuna y\u00fckseldi. Kar\u015f\u0131la\u015fmada, milli futbolcular\u0131m\u0131z Kerem Akt\u00fcrko\u011flu ve Orkun K\u00f6k\u00e7\u00fc birer gol kaydederek tak\u0131mlar\u0131n\u0131n ba\u015far\u0131s\u0131nda \u00f6nemli rol oynad\u0131. Dakikada Fenerbah\u00e7e, Salih U\u00e7an ile gole \u00e7ok yakla\u015ft\u0131. Rakip ceza alan\u0131n\u0131n \u00f6n\u00fcnde topla bulu\u015fan Salih&#8217;in \u00e7\u0131kard\u0131\u011f\u0131 sert \u015futta, kaleci De Sanctis&#8217;i ge\u00e7en top yan dire\u011fe \u00e7arparak auta \u00e7\u0131kt\u0131. Dakikada Ozan Tufan&#8217;\u0131n ara pas\u0131yla ceza alan\u0131 yay\u0131 i\u00e7inde topla bulu\u015fan Fernandao, uygun \u015fut a\u00e7\u0131s\u0131 bulamay\u0131nca yan\u0131ndaki Emenike&#8217;yi g\u00f6rd\u00fc.<\/p>\n","protected":false},"excerpt":{"rendered":"Wonaco Casino Review: g\u00fcncel f\u0131rsatlar Tak\u0131m\u0131n ilk kalecisi Danijel Subasic&#8217;in sakatl\u0131\u011f\u0131 nedeniyle forma giyen De Sanctis&#8217;in de ma\u00e7a devam edememesiyle Monaco kalesini 18 ya\u015f\u0131ndaki Badishile korudu. Fenerbah\u00e7e&#8217;de, Monaco kar\u015f\u0131la\u015fmas\u0131 \u00f6ncesi sakatl\u0131klar\u0131 ve cezalar\u0131 nedeniyle 6 futbolcu forma giyemedi. Fenerbah\u00e7e&#8217;nin Sivasspor&#8217;dan kadrosuna katt\u0131\u011f\u0131 Aat\u0131f Chahechouhe, sar\u0131-lacivertli formayla ilk resmi ma\u00e7\u0131na \u00e7\u0131kt\u0131. Fransa do\u011fumlu Fasl\u0131 futbolcu, 71&#8230;. <a class=\"view-article\" href=\"https:\/\/dev.dafaleague.com\/euro-pred-challenge\/in\/2025\/12\/21\/wonaco-casino-review-guncel-frsatlar-5\/\">View Article<\/a>","protected":false},"author":4,"featured_media":0,"comment_status":"open","ping_status":"open","sticky":false,"template":"","format":"standard","meta":[],"categories":[1115],"tags":[],"yoast_head":"<!-- This site is optimized with the Yoast SEO plugin v16.3 - https:\/\/yoast.com\/wordpress\/plugins\/seo\/ -->\n<meta name=\"robots\" content=\"index, follow, max-snippet:-1, max-image-preview:large, max-video-preview:-1\" \/>\n<link rel=\"canonical\" href=\"https:\/\/dev.dafaleague.com\/euro-pred-challenge\/in\/2025\/12\/21\/wonaco-casino-review-guncel-frsatlar-5\/\" \/>\n<meta property=\"og:locale\" content=\"en_US\" \/>\n<meta property=\"og:type\" content=\"article\" \/>\n<meta property=\"og:title\" content=\"EURO Predictor Challenge\" \/>\n<meta property=\"og:description\" content=\"Wonaco Casino Review: g\u00fcncel f\u0131rsatlar Tak\u0131m\u0131n ilk kalecisi Danijel Subasic&#8217;in sakatl\u0131\u011f\u0131 nedeniyle forma giyen De Sanctis&#8217;in de ma\u00e7a devam edememesiyle Monaco kalesini 18 ya\u015f\u0131ndaki Badishile korudu. Fenerbah\u00e7e&#8217;de, Monaco kar\u015f\u0131la\u015fmas\u0131 \u00f6ncesi sakatl\u0131klar\u0131 ve cezalar\u0131 nedeniyle 6 futbolcu forma giyemedi. Fenerbah\u00e7e&#8217;nin Sivasspor&#8217;dan kadrosuna katt\u0131\u011f\u0131 Aat\u0131f Chahechouhe, sar\u0131-lacivertli formayla ilk resmi ma\u00e7\u0131na \u00e7\u0131kt\u0131. Fransa do\u011fumlu Fasl\u0131 futbolcu, 71.... View Article\" \/>\n<meta property=\"og:url\" content=\"https:\/\/dev.dafaleague.com\/euro-pred-challenge\/in\/2025\/12\/21\/wonaco-casino-review-guncel-frsatlar-5\/\" \/>\n<meta property=\"og:site_name\" content=\"EURO Predictor Challenge\" \/>\n<meta property=\"article:published_time\" content=\"2025-12-21T21:23:02+00:00\" \/>\n<meta property=\"article:modified_time\" content=\"2025-12-21T22:20:53+00:00\" \/>\n<meta name=\"twitter:card\" content=\"summary_large_image\" \/>\n<meta name=\"twitter:label1\" content=\"Est. reading time\">\n\t<meta name=\"twitter:data1\" content=\"9 minutes\">\n<script type=\"application\/ld+json\" class=\"yoast-schema-graph\">{\"@context\":\"https:\/\/schema.org\",\"@graph\":[{\"@type\":\"WebSite\",\"@id\":\"https:\/\/dev.dafaleague.com\/euro-pred-challenge\/in\/#website\",\"url\":\"https:\/\/dev.dafaleague.com\/euro-pred-challenge\/in\/\",\"name\":\"EURO Predictor Challenge\",\"description\":\"\",\"potentialAction\":[{\"@type\":\"SearchAction\",\"target\":\"https:\/\/dev.dafaleague.com\/euro-pred-challenge\/in\/?s={search_term_string}\",\"query-input\":\"required name=search_term_string\"}],\"inLanguage\":\"en-US\"},{\"@type\":\"WebPage\",\"@id\":\"https:\/\/dev.dafaleague.com\/euro-pred-challenge\/in\/2025\/12\/21\/wonaco-casino-review-guncel-frsatlar-5\/#webpage\",\"url\":\"https:\/\/dev.dafaleague.com\/euro-pred-challenge\/in\/2025\/12\/21\/wonaco-casino-review-guncel-frsatlar-5\/\",\"name\":\"EURO Predictor Challenge\",\"isPartOf\":{\"@id\":\"https:\/\/dev.dafaleague.com\/euro-pred-challenge\/in\/#website\"},\"datePublished\":\"2025-12-21T21:23:02+00:00\",\"dateModified\":\"2025-12-21T22:20:53+00:00\",\"author\":{\"@id\":\"https:\/\/dev.dafaleague.com\/euro-pred-challenge\/in\/#\/schema\/person\/775fdee25382d262c6602e28e958174d\"},\"breadcrumb\":{\"@id\":\"https:\/\/dev.dafaleague.com\/euro-pred-challenge\/in\/2025\/12\/21\/wonaco-casino-review-guncel-frsatlar-5\/#breadcrumb\"},\"inLanguage\":\"en-US\",\"potentialAction\":[{\"@type\":\"ReadAction\",\"target\":[\"https:\/\/dev.dafaleague.com\/euro-pred-challenge\/in\/2025\/12\/21\/wonaco-casino-review-guncel-frsatlar-5\/\"]}]},{\"@type\":\"BreadcrumbList\",\"@id\":\"https:\/\/dev.dafaleague.com\/euro-pred-challenge\/in\/2025\/12\/21\/wonaco-casino-review-guncel-frsatlar-5\/#breadcrumb\",\"itemListElement\":[{\"@type\":\"ListItem\",\"position\":1,\"item\":{\"@id\":\"https:\/\/dev.dafaleague.com\/euro-pred-challenge\/in\/2025\/12\/21\/wonaco-casino-review-guncel-frsatlar-5\/#webpage\"}}]},{\"@type\":\"Person\",\"@id\":\"https:\/\/dev.dafaleague.com\/euro-pred-challenge\/in\/#\/schema\/person\/775fdee25382d262c6602e28e958174d\",\"name\":\"euro_pred_admin\",\"image\":{\"@type\":\"ImageObject\",\"@id\":\"https:\/\/dev.dafaleague.com\/euro-pred-challenge\/in\/#personlogo\",\"inLanguage\":\"en-US\",\"url\":\"https:\/\/secure.gravatar.com\/avatar\/7b9d3195ec092fae7abdd0d9d1233c46?s=96&d=mm&r=g\",\"contentUrl\":\"https:\/\/secure.gravatar.com\/avatar\/7b9d3195ec092fae7abdd0d9d1233c46?s=96&d=mm&r=g\",\"caption\":\"euro_pred_admin\"},\"url\":\"https:\/\/dev.dafaleague.com\/euro-pred-challenge\/in\/author\/euro_pred_admin\/\"}]}<\/script>\n<!-- \/ Yoast SEO plugin. -->","_links":{"self":[{"href":"https:\/\/dev.dafaleague.com\/euro-pred-challenge\/in\/wp-json\/wp\/v2\/posts\/18538"}],"collection":[{"href":"https:\/\/dev.dafaleague.com\/euro-pred-challenge\/in\/wp-json\/wp\/v2\/posts"}],"about":[{"href":"https:\/\/dev.dafaleague.com\/euro-pred-challenge\/in\/wp-json\/wp\/v2\/types\/post"}],"author":[{"embeddable":true,"href":"https:\/\/dev.dafaleague.com\/euro-pred-challenge\/in\/wp-json\/wp\/v2\/users\/4"}],"replies":[{"embeddable":true,"href":"https:\/\/dev.dafaleague.com\/euro-pred-challenge\/in\/wp-json\/wp\/v2\/comments?post=18538"}],"version-history":[{"count":1,"href":"https:\/\/dev.dafaleague.com\/euro-pred-challenge\/in\/wp-json\/wp\/v2\/posts\/18538\/revisions"}],"predecessor-version":[{"id":18539,"href":"https:\/\/dev.dafaleague.com\/euro-pred-challenge\/in\/wp-json\/wp\/v2\/posts\/18538\/revisions\/18539"}],"wp:attachment":[{"href":"https:\/\/dev.dafaleague.com\/euro-pred-challenge\/in\/wp-json\/wp\/v2\/media?parent=18538"}],"wp:term":[{"taxonomy":"category","embeddable":true,"href":"https:\/\/dev.dafaleague.com\/euro-pred-challenge\/in\/wp-json\/wp\/v2\/categories?post=18538"},{"taxonomy":"post_tag","embeddable":true,"href":"https:\/\/dev.dafaleague.com\/euro-pred-challenge\/in\/wp-json\/wp\/v2\/tags?post=18538"}],"curies":[{"name":"wp","href":"https:\/\/api.w.org\/{rel}","templated":true}]}}