{"id":18522,"date":"2025-12-21T21:22:50","date_gmt":"2025-12-21T21:22:50","guid":{"rendered":"https:\/\/dev.dafaleague.com\/euro-pred-challenge\/in\/?p=18522"},"modified":"2025-12-21T21:32:22","modified_gmt":"2025-12-21T21:32:22","slug":"wonaco-guncel-frsatlar-9","status":"publish","type":"post","link":"https:\/\/dev.dafaleague.com\/euro-pred-challenge\/in\/2025\/12\/21\/wonaco-guncel-frsatlar-9\/","title":{"rendered":"Wonaco: g\u00fcncel f\u0131rsatlar"},"content":{"rendered":"<h1>Wonaco: g\u00fcncel f\u0131rsatlar  <\/h1>\n<p>Kerem Akt\u00fcrko\u011flu ve Orkun K\u00f6k\u00e7\u00fc, m\u00fccadeleye ilk 11&#8217;de ba\u015flarlarken Kerem Akt\u00fcrko\u011flu, 22. Dakikada att\u0131\u011f\u0131 golle tak\u0131m\u0131n\u0131 \u00f6ne ge\u00e7irdi. Dakikada Takumi Minamino, Monaco ad\u0131na skoru e\u015fitlerken ikinci yar\u0131n\u0131n ba\u015f\u0131nda 51. Dakikada Eliesse Ben Seghir, Frans\u0131z ekibini 2-1&#8217;lik \u00fcst\u00fcnl\u00fc\u011fe ta\u015f\u0131d\u0131. 58&#8217;de Kerem Akt\u00fcrko\u011flu kenara gelirken 76. Dakikada Benfica, kazan\u0131lan penalt\u0131 sonucunda Vangelis Pavlidis&#8217;in topu a\u011flara g\u00f6ndermesiyle skoru 2-2 yapt\u0131.<\/p>\n<p>81&#8217;de George Ilenikhena, bir kez daha Monaco&#8217;yu \u00f6ne ge\u00e7irdi. Dakikada bu kez sahneye \u00e7\u0131kan Orkun K\u00f6k\u00e7\u00fc oldu ve milli y\u0131ld\u0131z\u0131m\u0131z att\u0131\u011f\u0131 kritik golle tak\u0131m\u0131na turu getirdi. Dakikada Monaco 3.<\/p>\n<ul>\n<li>Milli y\u0131ld\u0131zlar\u0131m\u0131z Kerem Akt\u00fcrko\u011flu ve Orkun K\u00f6k\u00e7\u00fc, birer golle ma\u00e7a damga vurdular.<\/li>\n<li>Dakikada Van der Wiel&#8217;in pas\ufffdnda ceza sahas\ufffdn\ufffdn sa\ufffd\ufffdnda topla bulu\ufffdan Salih U\ufffdan&#8217;\ufffdn \ufffdutunde me\ufffdin yuvarlak savunmaya \ufffdarparak kornere \ufffd\ufffdkt\ufffd.<\/li>\n<li>Haber i\u00e7eriklerinden kaynak g\u00f6sterilmeden al\u0131nt\u0131 yap\u0131lamaz, kanuna ayk\u0131r\u0131 ve izinsiz olarak kopyalanamaz, ba\u015fka yerde yay\u0131nlanamaz.<\/li>\n<li>Fenerbah\ufffde yoluna UEFA Avrupa Ligi play-off turunda devam edecek.<\/li>\n<li>UEFA \u015eampiyonlar Ligi Eleme Turu Play-off r\u00f6van\u015f ma\u00e7\u0131nda Benfica, sahas\u0131nda Monaco&#8217;yu a\u011f\u0131rlad\u0131.<\/li>\n<li>58&#8217;de Kerem Akt\u00fcrko\u011flu kenara gelirken 76.<\/li>\n<li>Fenerbah\ufffde, UEFA \ufffdampiyonlar Ligi 3.<\/li>\n<li>\ufffdn eleme turunda 2-1 kazand\ufffd\ufffd\ufffd ilk ma\ufffd\ufffdn r\ufffdvan\ufffd\ufffdnda, Monaco&#8217;ya 3-1 yenilerek elendi.<\/li>\n<li>PENALTI<br \/>\n<h2>wonaco 3<\/h2>\n<ul>\n<li>Dakikada Eliesse Ben Seghir, Frans\u0131z ekibini 2-1&#8217;lik \u00fcst\u00fcnl\u00fc\u011fe ta\u015f\u0131d\u0131.<\/li>\n<li>Dakikada iki de\u011fi\u015fiklik birden yaparken Kerem Akt\u00fcrko\u011flu ve Andreas Schjelderup&#8217;un yerine Zeki Amdouni ve Samuel Dahl oyuna dahil oldular.<\/li>\n<li>Dakikada Van der Wiel&#8217;in pas\ufffdnda ceza sahas\ufffdn\ufffdn sa\ufffd\ufffdnda topla bulu\ufffdan Salih U\ufffdan&#8217;\ufffdn \ufffdutunde me\ufffdin yuvarlak savunmaya \ufffdarparak kornere \ufffd\ufffdkt\ufffd.<\/li>\n<li>Gol\ufffdn\ufffd att\ufffd.<\/li>\n<li>PENALTI\n<p>PENALTI | 72. Dakikada Thilo Kehrer&#8217;in ceza sahas\u0131 i\u00e7erisinde Fredrik Aursnes&#8217;e m\u00fcdahalesine ili\u015fkin <a href=\"https:\/\/greenkarma.de\/\">wonaco casino greenkarma.de<\/a> VAR incelemesi sonucunda Benfica, penalt\u0131 kazand\u0131. Fenerbah\ufffde, UEFA \ufffdampiyonlar Ligi 3. \ufffdn eleme turunda 2-1 kazand\ufffd\ufffd\ufffd ilk ma\ufffd\ufffdn r\ufffdvan\ufffd\ufffdnda, Monaco&#8217;ya 3-1 yenilerek elendi. Fenerbah\ufffde yoluna UEFA Avrupa Ligi play-off turunda devam edecek. UEFA Avrupa Ligi&#8217;nde gruplara kalmak i\ufffdin play-off turunda m\ufffdcadele edecek Fenerbah\ufffde&#8217;nin rakibi, 5 A\ufffdustos Cuma g\ufffdn\ufffd yap\ufffdlacak kura \ufffdekiminde belli olacak.<\/p>\n<ul>\n<li>\ufffdn eleme turunda 2-1 kazand\ufffd\ufffd\ufffd ilk ma\ufffd\ufffdn r\ufffdvan\ufffd\ufffdnda, Monaco&#8217;ya 3-1 yenilerek elendi.<\/li>\n<li>Dakikada Van der Wiel&#8217;in pas\ufffdnda ceza sahas\ufffdn\ufffdn sa\ufffd\ufffdnda topla bulu\ufffdan Salih U\ufffdan&#8217;\ufffdn \ufffdutunde me\ufffdin yuvarlak savunmaya \ufffdarparak kornere \ufffd\ufffdkt\ufffd.<\/li>\n<li>Dakikada Benfica&#8217;da gollerin sahiplerinden Orkun K\u00f6k\u00e7\u00fc ve Vangelis Pavlidis oyundan \u00e7\u0131karlarken Joao Rego ve Andrea Belotti, oyuna dahil oldular.<\/li>\n<li>UEFA Avrupa Ligi&#8217;nde gruplara kalmak i\ufffdin play-off turunda m\ufffdcadele edecek Fenerbah\ufffde&#8217;nin rakibi, 5 A\ufffdustos Cuma g\ufffdn\ufffd yap\ufffdlacak kura \ufffdekiminde belli olacak.<\/li>\n<li>Fenerbah\ufffde, UEFA \ufffdampiyonlar Ligi 3.<\/li>\n<li>Gol\ufffdn\ufffd att\ufffd.<\/li>\n<li>Dakikada iki de\u011fi\u015fiklik birden yaparken Kerem Akt\u00fcrko\u011flu ve Andreas Schjelderup&#8217;un yerine Zeki Amdouni ve Samuel Dahl oyuna dahil oldular.<\/li>\n<li>UEFA \u015eampiyonlar Ligi Eleme Turu Play-off r\u00f6van\u015f ma\u00e7\u0131nda Benfica, sahas\u0131nda Monaco&#8217;yu a\u011f\u0131rlad\u0131.<\/li>\n<li>58&#8217;de Kerem Akt\u00fcrko\u011flu kenara gelirken 76.<\/li>\n<li>Dakikada Eliesse Ben Seghir, Frans\u0131z ekibini 2-1&#8217;lik \u00fcst\u00fcnl\u00fc\u011fe ta\u015f\u0131d\u0131.<\/li>\n<\/ul>\n<h3>wonaco 3<\/h3>\n<ul>\n<li>Kerem Akt\u00fcrko\u011flu ve Orkun K\u00f6k\u00e7\u00fc, m\u00fccadeleye ilk 11&#8217;de ba\u015flarlarken Kerem Akt\u00fcrko\u011flu, 22.<\/li>\n<li>Fenerbah\ufffde, UEFA \ufffdampiyonlar Ligi 3.<\/li>\n<li>Dakikada iki de\u011fi\u015fiklik birden yaparken Kerem Akt\u00fcrko\u011flu ve Andreas Schjelderup&#8217;un yerine Zeki Amdouni ve Samuel Dahl oyuna dahil oldular.<\/li>\n<li>\u0130lk ma\u00e7\u0131 deplasmanda 1-0 kazanan Benfica, evindeki m\u00fccadeleyi 3-3&#8217;l\u00fck beraberlikle noktalayarak ad\u0131n\u0131 son 16&#8217;ya yazd\u0131rd\u0131.<\/li>\n<li>Fenerbah\ufffde yoluna UEFA Avrupa Ligi play-off turunda devam edecek.<\/li>\n<li>Dakikada att\u0131\u011f\u0131 golle tak\u0131m\u0131n\u0131 \u00f6ne ge\u00e7irdi.<\/li>\n<li>Haber i\u00e7eriklerinden kaynak g\u00f6sterilmeden al\u0131nt\u0131 yap\u0131lamaz, kanuna ayk\u0131r\u0131 ve izinsiz olarak kopyalanamaz, ba\u015fka yerde yay\u0131nlanamaz.<\/li>\n<li>Dakikada Eliesse Ben Seghir, Frans\u0131z ekibini 2-1&#8217;lik \u00fcst\u00fcnl\u00fc\u011fe ta\u015f\u0131d\u0131.<\/li>\n<li>Kar\u015f\u0131la\u015fmada 2-1 geri d\u00fc\u015fen Benfica, 58.<\/li>\n<\/ul>\n<p>UEFA \u015eampiyonlar Ligi Eleme Turu Play-off r\u00f6van\u015f ma\u00e7\u0131nda Benfica, sahas\u0131nda Monaco&#8217;yu a\u011f\u0131rlad\u0131. \u0130lk ma\u00e7\u0131 deplasmanda 1-0 kazanan Benfica, evindeki m\u00fccadeleyi 3-3&#8217;l\u00fck beraberlikle noktalayarak ad\u0131n\u0131 son 16&#8217;ya yazd\u0131rd\u0131. Milli y\u0131ld\u0131zlar\u0131m\u0131z Kerem Akt\u00fcrko\u011flu ve Orkun K\u00f6k\u00e7\u00fc, birer golle ma\u00e7a damga vurdular.<\/p>\n<p>Gol\ufffdn\ufffd att\ufffd. Mendy&#8217;nin soldan ortas\ufffdnda savunmadan seken topu Dirar, kafayla Germain&#8217;in \ufffdn\ufffdne indirdi. Germain&#8217;in alt\ufffd pas\ufffdn \ufffdn\ufffdnden \ufffdutunda top yerden sekerek a\ufffdlarla bulu\ufffdtu ve Monaco 3-1 \ufffdne ge\ufffdti. Dakikada Van der Wiel&#8217;in pas\ufffdnda ceza sahas\ufffdn\ufffdn sa\ufffd\ufffdnda topla bulu\ufffdan Salih U\ufffdan&#8217;\ufffdn \ufffdutunde me\ufffdin yuvarlak savunmaya \ufffdarparak kornere \ufffd\ufffdkt\ufffd. Haber i\u00e7eriklerinden  kaynak g\u00f6sterilmeden al\u0131nt\u0131 yap\u0131lamaz, kanuna ayk\u0131r\u0131 ve izinsiz olarak kopyalanamaz, ba\u015fka yerde yay\u0131nlanamaz. Dakikada Benfica&#8217;da gollerin sahiplerinden Orkun K\u00f6k\u00e7\u00fc ve Vangelis Pavlidis oyundan \u00e7\u0131karlarken Joao Rego ve Andrea Belotti, oyuna dahil oldular.<\/p>\n<p>Kar\u015f\u0131la\u015fmada 2-1 geri d\u00fc\u015fen Benfica, 58. Dakikada iki de\u011fi\u015fiklik birden yaparken Kerem Akt\u00fcrko\u011flu ve Andreas Schjelderup&#8217;un yerine Zeki Amdouni ve Samuel Dahl oyuna dahil oldular.<\/p>\n","protected":false},"excerpt":{"rendered":"Wonaco: g\u00fcncel f\u0131rsatlar Kerem Akt\u00fcrko\u011flu ve Orkun K\u00f6k\u00e7\u00fc, m\u00fccadeleye ilk 11&#8217;de ba\u015flarlarken Kerem Akt\u00fcrko\u011flu, 22. Dakikada att\u0131\u011f\u0131 golle tak\u0131m\u0131n\u0131 \u00f6ne ge\u00e7irdi. Dakikada Takumi Minamino, Monaco ad\u0131na skoru e\u015fitlerken ikinci yar\u0131n\u0131n ba\u015f\u0131nda 51. Dakikada Eliesse Ben Seghir, Frans\u0131z ekibini 2-1&#8217;lik \u00fcst\u00fcnl\u00fc\u011fe ta\u015f\u0131d\u0131. 58&#8217;de Kerem Akt\u00fcrko\u011flu kenara gelirken 76. Dakikada Benfica, kazan\u0131lan penalt\u0131 sonucunda Vangelis Pavlidis&#8217;in topu&#8230; <a class=\"view-article\" href=\"https:\/\/dev.dafaleague.com\/euro-pred-challenge\/in\/2025\/12\/21\/wonaco-guncel-frsatlar-9\/\">View Article<\/a>","protected":false},"author":4,"featured_media":0,"comment_status":"open","ping_status":"open","sticky":false,"template":"","format":"standard","meta":[],"categories":[1115],"tags":[],"yoast_head":"<!-- This site is optimized with the Yoast SEO plugin v16.3 - https:\/\/yoast.com\/wordpress\/plugins\/seo\/ -->\n<meta name=\"robots\" content=\"index, follow, max-snippet:-1, max-image-preview:large, max-video-preview:-1\" \/>\n<link rel=\"canonical\" href=\"https:\/\/dev.dafaleague.com\/euro-pred-challenge\/in\/2025\/12\/21\/wonaco-guncel-frsatlar-9\/\" \/>\n<meta property=\"og:locale\" content=\"en_US\" \/>\n<meta property=\"og:type\" content=\"article\" \/>\n<meta property=\"og:title\" content=\"EURO Predictor Challenge\" \/>\n<meta property=\"og:description\" content=\"Wonaco: g\u00fcncel f\u0131rsatlar Kerem Akt\u00fcrko\u011flu ve Orkun K\u00f6k\u00e7\u00fc, m\u00fccadeleye ilk 11&#8217;de ba\u015flarlarken Kerem Akt\u00fcrko\u011flu, 22. Dakikada att\u0131\u011f\u0131 golle tak\u0131m\u0131n\u0131 \u00f6ne ge\u00e7irdi. Dakikada Takumi Minamino, Monaco ad\u0131na skoru e\u015fitlerken ikinci yar\u0131n\u0131n ba\u015f\u0131nda 51. Dakikada Eliesse Ben Seghir, Frans\u0131z ekibini 2-1&#8217;lik \u00fcst\u00fcnl\u00fc\u011fe ta\u015f\u0131d\u0131. 58&#8217;de Kerem Akt\u00fcrko\u011flu kenara gelirken 76. Dakikada Benfica, kazan\u0131lan penalt\u0131 sonucunda Vangelis Pavlidis&#8217;in topu... View Article\" \/>\n<meta property=\"og:url\" content=\"https:\/\/dev.dafaleague.com\/euro-pred-challenge\/in\/2025\/12\/21\/wonaco-guncel-frsatlar-9\/\" \/>\n<meta property=\"og:site_name\" content=\"EURO Predictor Challenge\" \/>\n<meta property=\"article:published_time\" content=\"2025-12-21T21:22:50+00:00\" \/>\n<meta property=\"article:modified_time\" content=\"2025-12-21T21:32:22+00:00\" \/>\n<meta name=\"twitter:card\" content=\"summary_large_image\" \/>\n<meta name=\"twitter:label1\" content=\"Est. reading time\">\n\t<meta name=\"twitter:data1\" content=\"4 minutes\">\n<script type=\"application\/ld+json\" class=\"yoast-schema-graph\">{\"@context\":\"https:\/\/schema.org\",\"@graph\":[{\"@type\":\"WebSite\",\"@id\":\"https:\/\/dev.dafaleague.com\/euro-pred-challenge\/in\/#website\",\"url\":\"https:\/\/dev.dafaleague.com\/euro-pred-challenge\/in\/\",\"name\":\"EURO Predictor Challenge\",\"description\":\"\",\"potentialAction\":[{\"@type\":\"SearchAction\",\"target\":\"https:\/\/dev.dafaleague.com\/euro-pred-challenge\/in\/?s={search_term_string}\",\"query-input\":\"required name=search_term_string\"}],\"inLanguage\":\"en-US\"},{\"@type\":\"WebPage\",\"@id\":\"https:\/\/dev.dafaleague.com\/euro-pred-challenge\/in\/2025\/12\/21\/wonaco-guncel-frsatlar-9\/#webpage\",\"url\":\"https:\/\/dev.dafaleague.com\/euro-pred-challenge\/in\/2025\/12\/21\/wonaco-guncel-frsatlar-9\/\",\"name\":\"EURO Predictor Challenge\",\"isPartOf\":{\"@id\":\"https:\/\/dev.dafaleague.com\/euro-pred-challenge\/in\/#website\"},\"datePublished\":\"2025-12-21T21:22:50+00:00\",\"dateModified\":\"2025-12-21T21:32:22+00:00\",\"author\":{\"@id\":\"https:\/\/dev.dafaleague.com\/euro-pred-challenge\/in\/#\/schema\/person\/775fdee25382d262c6602e28e958174d\"},\"breadcrumb\":{\"@id\":\"https:\/\/dev.dafaleague.com\/euro-pred-challenge\/in\/2025\/12\/21\/wonaco-guncel-frsatlar-9\/#breadcrumb\"},\"inLanguage\":\"en-US\",\"potentialAction\":[{\"@type\":\"ReadAction\",\"target\":[\"https:\/\/dev.dafaleague.com\/euro-pred-challenge\/in\/2025\/12\/21\/wonaco-guncel-frsatlar-9\/\"]}]},{\"@type\":\"BreadcrumbList\",\"@id\":\"https:\/\/dev.dafaleague.com\/euro-pred-challenge\/in\/2025\/12\/21\/wonaco-guncel-frsatlar-9\/#breadcrumb\",\"itemListElement\":[{\"@type\":\"ListItem\",\"position\":1,\"item\":{\"@id\":\"https:\/\/dev.dafaleague.com\/euro-pred-challenge\/in\/2025\/12\/21\/wonaco-guncel-frsatlar-9\/#webpage\"}}]},{\"@type\":\"Person\",\"@id\":\"https:\/\/dev.dafaleague.com\/euro-pred-challenge\/in\/#\/schema\/person\/775fdee25382d262c6602e28e958174d\",\"name\":\"euro_pred_admin\",\"image\":{\"@type\":\"ImageObject\",\"@id\":\"https:\/\/dev.dafaleague.com\/euro-pred-challenge\/in\/#personlogo\",\"inLanguage\":\"en-US\",\"url\":\"https:\/\/secure.gravatar.com\/avatar\/7b9d3195ec092fae7abdd0d9d1233c46?s=96&d=mm&r=g\",\"contentUrl\":\"https:\/\/secure.gravatar.com\/avatar\/7b9d3195ec092fae7abdd0d9d1233c46?s=96&d=mm&r=g\",\"caption\":\"euro_pred_admin\"},\"url\":\"https:\/\/dev.dafaleague.com\/euro-pred-challenge\/in\/author\/euro_pred_admin\/\"}]}<\/script>\n<!-- \/ Yoast SEO plugin. -->","_links":{"self":[{"href":"https:\/\/dev.dafaleague.com\/euro-pred-challenge\/in\/wp-json\/wp\/v2\/posts\/18522"}],"collection":[{"href":"https:\/\/dev.dafaleague.com\/euro-pred-challenge\/in\/wp-json\/wp\/v2\/posts"}],"about":[{"href":"https:\/\/dev.dafaleague.com\/euro-pred-challenge\/in\/wp-json\/wp\/v2\/types\/post"}],"author":[{"embeddable":true,"href":"https:\/\/dev.dafaleague.com\/euro-pred-challenge\/in\/wp-json\/wp\/v2\/users\/4"}],"replies":[{"embeddable":true,"href":"https:\/\/dev.dafaleague.com\/euro-pred-challenge\/in\/wp-json\/wp\/v2\/comments?post=18522"}],"version-history":[{"count":1,"href":"https:\/\/dev.dafaleague.com\/euro-pred-challenge\/in\/wp-json\/wp\/v2\/posts\/18522\/revisions"}],"predecessor-version":[{"id":18523,"href":"https:\/\/dev.dafaleague.com\/euro-pred-challenge\/in\/wp-json\/wp\/v2\/posts\/18522\/revisions\/18523"}],"wp:attachment":[{"href":"https:\/\/dev.dafaleague.com\/euro-pred-challenge\/in\/wp-json\/wp\/v2\/media?parent=18522"}],"wp:term":[{"taxonomy":"category","embeddable":true,"href":"https:\/\/dev.dafaleague.com\/euro-pred-challenge\/in\/wp-json\/wp\/v2\/categories?post=18522"},{"taxonomy":"post_tag","embeddable":true,"href":"https:\/\/dev.dafaleague.com\/euro-pred-challenge\/in\/wp-json\/wp\/v2\/tags?post=18522"}],"curies":[{"name":"wp","href":"https:\/\/api.w.org\/{rel}","templated":true}]}}