{"id":11664,"date":"2025-09-23T07:15:38","date_gmt":"2025-09-23T07:15:38","guid":{"rendered":"https:\/\/dev.dafaleague.com\/euro-pred-challenge\/in\/?p=11664"},"modified":"2025-10-29T06:15:54","modified_gmt":"2025-10-29T06:15:54","slug":"comment-notre-perception-du-poids-faconne-nos-jugements-quotidiens","status":"publish","type":"post","link":"https:\/\/dev.dafaleague.com\/euro-pred-challenge\/in\/2025\/09\/23\/comment-notre-perception-du-poids-faconne-nos-jugements-quotidiens\/","title":{"rendered":"Comment notre perception du poids fa\u00e7onne nos jugements quotidiens"},"content":{"rendered":"<div style=\"max-width: 1000px; margin: 20px auto; font-family: Arial, sans-serif; line-height: 1.6; color: #333;\">\n<h2 style=\"color: #34495e; font-size: 2em; margin-top: 40px;\">Introduction : La perception du poids et ses enjeux dans la vie quotidienne<\/h2>\n<p style=\"margin-top: 15px;\">Notre perception du poids influence profond\u00e9ment la mani\u00e8re dont nous interpr\u00e9tons notre environnement, nos relations et nos choix quotidiens. Cette perception, souvent intuitive, repose sur une interaction complexe entre stimuli sensoriels, facteurs psychologiques et contextes sociaux. Elle fa\u00e7onne non seulement nos jugements imm\u00e9diats mais aussi notre estime de soi, notre confiance et notre identit\u00e9.<\/p>\n<p style=\"margin-top: 15px;\">Pour mieux comprendre cette dynamique, il est essentiel d&#8217;explorer comment le cerveau interpr\u00e8te le poids, comment notre environnement et notre culture fa\u00e7onnent ces perceptions, et comment ces processus influencent nos d\u00e9cisions quotidiennes. En particulier, la m\u00e9taphore de la <a href=\"https:\/\/vizebpo.com\/pourquoi-le-poids-manquant-dans-la-tour-influence-notre-perception\/\" style=\"color: #2980b9; text-decoration: none;\">poids manquant dans la tour<\/a> offre une cl\u00e9 de lecture pr\u00e9cieuse pour d\u00e9chiffrer nos biais cognitifs et nos illusions perceptives.<\/p>\n<div style=\"margin-top: 30px; font-weight: bold; font-size: 1.2em;\">Table des mati\u00e8res<\/div>\n<ul style=\"margin-top: 10px; padding-left: 20px; list-style-type: disc;\">\n<li style=\"margin-bottom: 8px;\"><a href=\"#section1\" style=\"color: #2980b9; text-decoration: none;\">Comprendre la perception du poids : un regard psychologique et sensoriel<\/a><\/li>\n<li style=\"margin-bottom: 8px;\"><a href=\"#section2\" style=\"color: #2980b9; text-decoration: none;\">L\u2019impact de l\u2019environnement sur la perception du poids<\/a><\/li>\n<li style=\"margin-bottom: 8px;\"><a href=\"#section3\" style=\"color: #2980b9; text-decoration: none;\">La perception du poids et la prise de d\u00e9cision quotidienne<\/a><\/li>\n<li style=\"margin-bottom: 8px;\"><a href=\"#section4\" style=\"color: #2980b9; text-decoration: none;\">La perception du poids et ses implications sur la sant\u00e9 mentale<\/a><\/li>\n<li style=\"margin-bottom: 8px;\"><a href=\"#section5\" style=\"color: #2980b9; text-decoration: none;\">La perception du poids dans la psychologie et la neuroscience<\/a><\/li>\n<li style=\"margin-bottom: 8px;\"><a href=\"#section6\" style=\"color: #2980b9; text-decoration: none;\">Comment la perception du poids fa\u00e7onne nos jugements quotidiens<\/a><\/li>\n<li style=\"margin-bottom: 8px;\"><a href=\"#section7\" style=\"color: #2980b9; text-decoration: none;\">Retour au lien avec le th\u00e8me parent : le r\u00f4le du poids manquant dans la tour<\/a><\/li>\n<\/ul>\n<h2 id=\"section1\" style=\"color: #34495e; font-size: 2em; margin-top: 40px;\">1. Comprendre la perception du poids : un regard psychologique et sensoriel<\/h2>\n<h3 style=\"color: #2c3e50; font-size: 1.5em; margin-top: 30px;\">a. La perception sensorielle du poids : comment notre cerveau interpr\u00e8te les stimuli physiques<\/h3>\n<p style=\"margin-top: 15px;\">La perception du poids commence par l&#8217;interpr\u00e9tation des stimuli physiques que notre corps re\u00e7oit. En France, comme ailleurs, cette interpr\u00e9tation repose sur une combinaison de signaux tactiles, visuels et proprioceptifs. Par exemple, la sensation que nous avons en soulevant un objet ou en touchant une surface informe notre cerveau de sa masse. Des \u00e9tudes en neurosciences montrent que cette capacit\u00e9 \u00e0 percevoir le poids est li\u00e9e \u00e0 l&#8217;activit\u00e9 du cortex pari\u00e9tal, zone cl\u00e9 dans l&#8217;int\u00e9gration sensorielle.<\/p>\n<p style=\"margin-top: 15px;\">Ce processus est souvent inconscient, mais il peut \u00eatre tromp\u00e9 par des illusions perceptives ou par des facteurs environnementaux. Par exemple, la perception du poids d&#8217;un sac d\u00e9pend non seulement de sa masse r\u00e9elle, mais aussi de la fa\u00e7on dont il est pr\u00e9sent\u00e9, de la posture de l&#8217;individu ou de son \u00e9tat psychologique.<\/p>\n<h3 style=\"color: #2c3e50; font-size: 1.5em; margin-top: 30px;\">b. Facteurs psychologiques influen\u00e7ant notre jugement du poids<\/h3>\n<p style=\"margin-top: 15px;\">Au-del\u00e0 des stimuli physiques, notre perception du poids est fortement modifi\u00e9e par des facteurs psychologiques. La confiance en soi, l&#8217;attitude face \u00e0 une t\u00e2che ou encore l&#8217;\u00e9tat \u00e9motionnel peuvent amplifier ou diminuer notre sensation du poids. Par exemple, une personne anxieuse aura tendance \u00e0 percevoir un objet comme plus lourd qu&#8217;il ne l&#8217;est r\u00e9ellement. En contexte fran\u00e7ais, les st\u00e9r\u00e9otypes li\u00e9s \u00e0 la force ou \u00e0 la fragilit\u00e9 jouent aussi un r\u00f4le dans l&#8217;\u00e9valuation subjective du poids, influen\u00e7ant nos jugements rapides dans la vie quotidienne.<\/p>\n<h3 style=\"color: #2c3e50; font-size: 1.5em; margin-top: 30px;\">c. La perception du poids dans diff\u00e9rents contextes culturels et sociaux en France<\/h3>\n<p style=\"margin-top: 15px;\">En France, la perception du poids est \u00e9galement fa\u00e7onn\u00e9e par des normes sociales et des repr\u00e9sentations culturelles. La soci\u00e9t\u00e9 valorise souvent la minceur, notamment dans le contexte de la mode et de la beaut\u00e9, mais aussi dans la perception de la force ou de la faiblesse. Ces perceptions varient selon les r\u00e9gions, les groupes sociaux ou l&#8217;\u00e2ge. Par exemple, dans les zones rurales, une certaine perception du poids peut \u00eatre li\u00e9e \u00e0 la sant\u00e9 ou \u00e0 la vigueur, tandis qu&#8217;en milieu urbain, la minceur peut \u00eatre associ\u00e9e \u00e0 la r\u00e9ussite ou \u00e0 la discipline.<\/p>\n<h2 id=\"section2\" style=\"color: #34495e; font-size: 2em; margin-top: 40px;\">2. L\u2019impact de l\u2019environnement sur la perception du poids<\/h2>\n<h3 style=\"color: #2c3e50; font-size: 1.5em; margin-top: 30px;\">a. Influence des espaces confin\u00e9s et des objets dans la perception du poids<\/h3>\n<p style=\"margin-top: 15px;\">L\u2019environnement imm\u00e9diat joue un r\u00f4le consid\u00e9rable dans la fa\u00e7on dont nous percevons le poids. Par exemple, dans un espace confin\u00e9 ou une pi\u00e8ce \u00e9troite, une pi\u00e8ce d&#8217;ameublement ou un objet peut sembler plus lourd ou plus l\u00e9ger qu&#8217;en r\u00e9alit\u00e9, en fonction de la taille de la pi\u00e8ce et de la proximit\u00e9 des \u00e9l\u00e9ments. En France, cette influence est visible dans les petits appartements parisiens o\u00f9 l&#8217;espace r\u00e9duit peut modifier la perception de la masse des meubles ou des objets qui y r\u00e9sident.<\/p>\n<h3 style=\"color: #2c3e50; font-size: 1.5em; margin-top: 30px;\">b. La tour comme m\u00e9taphore : comment la structure influence notre jugement perceptif<\/h3>\n<p style=\"margin-top: 15px;\">La m\u00e9taphore de la tour illustre parfaitement comment la structure influence notre perception du poids. Une tour solide et bien construite donne une impression de stabilit\u00e9 et de l\u00e9g\u00e8ret\u00e9, m\u00eame si sa masse est importante. En revanche, une tour fragile ou instable peut para\u00eetre plus lourde ou mena\u00e7ante. En France, cette image est souvent utilis\u00e9e pour parler de l&#8217;architecture, mais aussi pour comprendre comment les structures sociales ou psychologiques influencent nos jugements. La perception de la solidit\u00e9 ou de la vuln\u00e9rabilit\u00e9 d&#8217;une personne ou d&#8217;une institution repose souvent sur cette m\u00e9taphore.<\/p>\n<h3 style=\"color: #2c3e50; font-size: 1.5em; margin-top: 30px;\">c. La perception du poids dans les environnements urbains et ruraux fran\u00e7ais<\/h3>\n<p style=\"margin-top: 15px;\">Les environnements urbains, tels que Paris ou Lyon, o\u00f9 l&#8217;espace est limit\u00e9, tendent \u00e0 influencer la perception du poids de mani\u00e8re diff\u00e9rente de celle des zones rurales. Par exemple, dans les villes, la densit\u00e9 et la proximit\u00e9 des b\u00e2timents peuvent faire percevoir certains objets comme plus imposants ou plus l\u00e9gers, selon leur contexte. En milieu rural, la perception est souvent li\u00e9e \u00e0 des notions de force, de robustesse et de naturel, o\u00f9 le poids est associ\u00e9 \u00e0 la vitalit\u00e9 et \u00e0 la sant\u00e9, reflet d&#8217;une vie plus en harmonie avec la nature.<\/p>\n<h2 id=\"section3\" style=\"color: #34495e; font-size: 2em; margin-top: 40px;\">3. La perception du poids et la prise de d\u00e9cision quotidienne<\/h2>\n<h3 style=\"color: #2c3e50; font-size: 1.5em; margin-top: 30px;\">a. Comment le poids per\u00e7u influence nos choix alimentaires et de consommation<\/h3>\n<p style=\"margin-top: 15px;\">Notre perception du poids influence directement nos habitudes alimentaires. Par exemple, en France, la conscience accrue des standards de beaut\u00e9 ou de sant\u00e9 peut conduire \u00e0 percevoir certains aliments comme &#8220;lourds&#8221; ou &#8220;l\u00e9gers&#8221;, influen\u00e7ant nos choix de consommation. La croyance que certains produits sont plus &#8220;nourrissants&#8221; ou &#8220;sains&#8221; en fonction de leur apparence ou de leur poids per\u00e7u modifie nos comportements d&#8217;achat, souvent inconsciemment. Cette perception peut aussi conduire \u00e0 des comportements compensatoires, comme la recherche de produits all\u00e9g\u00e9s ou la pratique de r\u00e9gimes.<\/p>\n<h3 style=\"color: #2c3e50; font-size: 1.5em; margin-top: 30px;\">b. La perception du poids dans la gestion des relations sociales et professionnelles<\/h3>\n<p style=\"margin-top: 15px;\">Dans le contexte social ou professionnel en France, le poids per\u00e7u peut influencer la mani\u00e8re dont nous jugeons autrui ou nous-m\u00eames. La perception d&#8217;une personne comme &#8220;l\u00e9g\u00e8re&#8221; ou &#8220;lourde&#8221; peut affecter la confiance, la cr\u00e9dibilit\u00e9 ou la sympathie qu&#8217;elle suscite. Par exemple, dans un entretien d&#8217;embauche, un candidat per\u00e7u comme &#8220;l\u00e9ger&#8221; ou &#8220;fort&#8221; peut inconsciemment b\u00e9n\u00e9ficier ou p\u00e2tir de st\u00e9r\u00e9otypes li\u00e9s \u00e0 son apparence ou \u00e0 sa posture, refl\u00e9tant des biais perceptifs profond\u00e9ment ancr\u00e9s.<\/p>\n<h3 style=\"color: #2c3e50; font-size: 1.5em; margin-top: 30px;\">c. Les biais perceptifs li\u00e9s au poids : st\u00e9r\u00e9otypes et pr\u00e9jug\u00e9s en France<\/h3>\n<p style=\"margin-top: 15px;\">Les biais li\u00e9s au poids sont omnipr\u00e9sents en France, que ce soit dans le domaine professionnel, m\u00e9diatique ou priv\u00e9. Selon une \u00e9tude de l&#8217;Institut National de la Sant\u00e9 et de la Recherche M\u00e9dicale (INSERM), les personnes per\u00e7ues comme &#8220;minces&#8221; sont souvent consid\u00e9r\u00e9es comme plus dynamiques ou comp\u00e9tentes, tandis que celles per\u00e7ues comme &#8220;lourdes&#8221; peuvent \u00eatre victimes de st\u00e9r\u00e9otypes de paresse ou de manque de discipline. Ces biais influencent nos jugements rapides, souvent sans que nous en soyons conscients, et alimentent la discrimination ou l&#8217;exclusion sociale.<\/p>\n<h2 id=\"section4\" style=\"color: #34495e; font-size: 2em; margin-top: 40px;\">4. La perception du poids et ses implications sur la sant\u00e9 mentale<\/h2>\n<h3 style=\"color: #2c3e50; font-size: 1.5em; margin-top: 30px;\">a. La pression sociale et les standards de beaut\u00e9 : leur r\u00f4le dans la perception du poids<\/h3>\n<p style=\"margin-top: 15px;\">Les standards de beaut\u00e9 en France, souvent v\u00e9hicul\u00e9s par les m\u00e9dias et la mode, exercent une pression consid\u00e9rable sur la perception du poids. La qu\u00eate de la minceur, associ\u00e9e \u00e0 la jeunesse et \u00e0 la r\u00e9ussite, peut conduire \u00e0 une insatisfaction corporelle chronique. Selon une \u00e9tude de l&#8217;INPES, cette pression influence non seulement l&#8217;image que nous avons de nous-m\u00eames, mais aussi nos comportements alimentaires et notre estime de soi.<\/p>\n<h3 style=\"color: #2c3e50; font-size: 1.5em; margin-top: 30px;\">b. Les troubles li\u00e9s \u00e0 la perception du poids : anorexie, boulimie, dysmorphie<\/h3>\n<p style=\"margin-top: 15px;\">Les troubles du comportement alimentaire, tels que l&#8217;anorexie ou la boulimie, sont souvent li\u00e9s \u00e0 une perception d\u00e9form\u00e9e du corps et du poids. En France, ces pathologies touchent principalement les jeunes femmes, mais aussi de plus en plus d&#8217;hommes. La dysmorphie corporelle, qui consiste \u00e0 percevoir un corps comme d\u00e9form\u00e9 ou inad\u00e9quat, illustre \u00e0 quel point la perception subjective peut diverger de la r\u00e9alit\u00e9, avec des cons\u00e9quences graves sur la sant\u00e9 mentale.<\/p>\n<h3 style=\"color: #2c3e50; font-size: 1.5em; margin-top: 30px;\">c. L\u2019impact de la perception erron\u00e9e du poids sur l\u2019estime de soi<\/h3>\n<p style=\"margin-top: 15px;\">Une perception erron\u00e9e du corps peut entra\u00eener une baisse de l\u2019estime de soi, un sentiment d\u2019inad\u00e9quation ou de honte. En France, o\u00f9 l\u2019apparence est souvent valoris\u00e9e socialement, cette perception fauss\u00e9e peut conduire \u00e0 une d\u00e9pression ou \u00e0 l\u2019isolement. Comprendre comment la perception du poids se construit et comment elle peut \u00eatre corrig\u00e9e est essentiel pour promouvoir une image corporelle saine et r\u00e9aliste.<\/p>\n<h2 id=\"section5\" style=\"color: #34495e; font-size: 2em; margin-top: 40px;\">5. La perception du poids dans la psychologie et la neuroscience<\/h2>\n<h3 style=\"color: #2c3e50; font-size: 1.5em; margin-top: 30px;\">a. Les m\u00e9canismes neuronaux derri\u00e8re la perception du poids<\/h3>\n<p style=\"margin-top: 15px;\">Les recherches en neuroscience ont identifi\u00e9 que la perception du poids repose sur l\u2019int\u00e9gration de signaux provenant du cortex pari\u00e9tal, du cortex somatosensoriel et du cortex pr\u00e9frontal. En France, ces \u00e9tudes, notamment men\u00e9es par le Centre de Recherche en Neurosciences de l&#8217;Institut Pasteur, mettent en lumi\u00e8re la complexit\u00e9 des m\u00e9canismes neuronaux qui sous-tendent notre capacit\u00e9 \u00e0 estimer la masse des objets ou des corps.<\/p>\n<h3 style=\"color: #2c3e50; font-size: 1.5em; margin-top: 30px;\">b. La plasticit\u00e9 perceptive : comment nos perceptions peuvent \u00e9voluer<\/h3>\n<p style=\"margin-top: 15px;\">La plasticit\u00e9 du cerveau permet \u00e0 nos perceptions du poids de changer avec l\u2019exp\u00e9rience et l\u2019apprentissage. Par exemple, apr\u00e8s une chirurgie ou une r\u00e9\u00e9ducation, un patient peut voir sa capacit\u00e9 \u00e0 percevoir certains stimuli modifi\u00e9e. En contexte fran\u00e7ais, ces d\u00e9couvertes ouvrent la voie \u00e0 des th\u00e9rapies pour corriger les distorsions perceptives li\u00e9es aux troubles ou aux biais sociaux.<\/p>\n<h3 style=\"color: #2c3e50; font-size: 1.5em; margin-top: 30px;\">c. Les exp\u00e9riences qui modifient notre perception du poids et leur application pratique<\/h3>\n<p style=\"margin-top: 15px;\">Des exp\u00e9riences en laboratoire, telles que la manipulation d\u2019objets ou l\u2019utilisation de la r\u00e9alit\u00e9 virtuelle, montrent que la perception du poids peut \u00eatre rapidement modifi\u00e9e. Ces m\u00e9thodes ont des applications concr\u00e8tes pour la r\u00e9\u00e9ducation, la pr\u00e9vention des troubles alimentaires ou la sensibilisation aux biais perceptifs, notamment dans le contexte \u00e9ducatif ou th\u00e9rapeutique fran\u00e7ais.<\/p>\n<h2 id=\"section6\" style=\"color: #34495e; font-size: 2em; margin-top: 40px;\">6. Comment la perception du poids fa\u00e7onne nos jugements quotidiens<\/h2>\n<h3 style=\"color: #2c3e50; font-size: 1.5em; margin-top: 30px;\">a. La construction sociale de la valeur li\u00e9e au poids en France<\/h3>\n<p style=\"margin-top: 15px;\">En France, la soci\u00e9t\u00e9 construit une valeur sociale autour du poids, associant souvent la minceur \u00e0 la r\u00e9ussite, \u00e0 la discipline ou \u00e0 la beaut\u00e9. Cette construction influence nos jugements spontan\u00e9s et nos interactions. Par exemple, une personne per\u00e7ue comme mince pourra \u00eatre consid\u00e9r\u00e9e comme plus comp\u00e9tente ou attrayante, renfor\u00e7ant ainsi les st\u00e9r\u00e9otypes li\u00e9s au poids.<\/p>\n<h3 style=\"color: #2c3e50; font-size: 1.5em; margin-top: 30px;\">b. Influence sur l\u2019estime personnelle et la confiance en soi<\/h3>\n<p style=\"margin-top: 15px;\">La perception que nous avons de notre propre poids influence directement notre estime de soi. En France, la pression pour correspondre aux standards de beaut\u00e9 peut conduire \u00e0 une insatisfaction chronique, affectant la confiance et l\u2019\u00e9panouissement personnel. La perception du poids devient alors un miroir de notre identit\u00e9 et de notre rapport \u00e0 nous-m\u00eames.<\/p>\n<h3 style=\"color: #2c3e50; font-size: 1.5em; margin-top: 30px;\">c. La perception du poids comme reflet de notre identit\u00e9 et de notre environnement<\/h3>\n<p style=\"margin-top: 15px;\">Le poids per\u00e7u agit comme un indicateur symbolique de notre environnement et de notre identit\u00e9 sociale. En France, ce lien est renforc\u00e9 par la culture, la mode, la publicit\u00e9 et les normes familiales. La perception du poids devient ainsi un miroir de nos valeurs, de notre appartenance et de notre v\u00e9cu.<\/p>\n<\/div>\n","protected":false},"excerpt":{"rendered":"Introduction : La perception du poids et ses enjeux dans la vie quotidienne Notre perception du poids influence profond\u00e9ment la mani\u00e8re dont nous interpr\u00e9tons notre environnement, nos relations et nos choix quotidiens. Cette perception, souvent intuitive, repose sur une interaction complexe entre stimuli sensoriels, facteurs psychologiques et contextes sociaux. Elle fa\u00e7onne non seulement nos jugements&#8230; <a class=\"view-article\" href=\"https:\/\/dev.dafaleague.com\/euro-pred-challenge\/in\/2025\/09\/23\/comment-notre-perception-du-poids-faconne-nos-jugements-quotidiens\/\">View Article<\/a>","protected":false},"author":4,"featured_media":0,"comment_status":"open","ping_status":"open","sticky":false,"template":"","format":"standard","meta":[],"categories":[1],"tags":[],"yoast_head":"<!-- This site is optimized with the Yoast SEO plugin v16.3 - https:\/\/yoast.com\/wordpress\/plugins\/seo\/ -->\n<meta name=\"robots\" content=\"index, follow, max-snippet:-1, max-image-preview:large, max-video-preview:-1\" \/>\n<link rel=\"canonical\" href=\"https:\/\/dev.dafaleague.com\/euro-pred-challenge\/in\/2025\/09\/23\/comment-notre-perception-du-poids-faconne-nos-jugements-quotidiens\/\" \/>\n<meta property=\"og:locale\" content=\"en_US\" \/>\n<meta property=\"og:type\" content=\"article\" \/>\n<meta property=\"og:title\" content=\"EURO Predictor Challenge\" \/>\n<meta property=\"og:description\" content=\"Introduction : La perception du poids et ses enjeux dans la vie quotidienne Notre perception du poids influence profond\u00e9ment la mani\u00e8re dont nous interpr\u00e9tons notre environnement, nos relations et nos choix quotidiens. Cette perception, souvent intuitive, repose sur une interaction complexe entre stimuli sensoriels, facteurs psychologiques et contextes sociaux. Elle fa\u00e7onne non seulement nos jugements... View Article\" \/>\n<meta property=\"og:url\" content=\"https:\/\/dev.dafaleague.com\/euro-pred-challenge\/in\/2025\/09\/23\/comment-notre-perception-du-poids-faconne-nos-jugements-quotidiens\/\" \/>\n<meta property=\"og:site_name\" content=\"EURO Predictor Challenge\" \/>\n<meta property=\"article:published_time\" content=\"2025-09-23T07:15:38+00:00\" \/>\n<meta property=\"article:modified_time\" content=\"2025-10-29T06:15:54+00:00\" \/>\n<meta name=\"twitter:card\" content=\"summary_large_image\" \/>\n<meta name=\"twitter:label1\" content=\"Est. reading time\">\n\t<meta name=\"twitter:data1\" content=\"10 minutes\">\n<script type=\"application\/ld+json\" class=\"yoast-schema-graph\">{\"@context\":\"https:\/\/schema.org\",\"@graph\":[{\"@type\":\"WebSite\",\"@id\":\"https:\/\/dev.dafaleague.com\/euro-pred-challenge\/in\/#website\",\"url\":\"https:\/\/dev.dafaleague.com\/euro-pred-challenge\/in\/\",\"name\":\"EURO Predictor Challenge\",\"description\":\"\",\"potentialAction\":[{\"@type\":\"SearchAction\",\"target\":\"https:\/\/dev.dafaleague.com\/euro-pred-challenge\/in\/?s={search_term_string}\",\"query-input\":\"required name=search_term_string\"}],\"inLanguage\":\"en-US\"},{\"@type\":\"WebPage\",\"@id\":\"https:\/\/dev.dafaleague.com\/euro-pred-challenge\/in\/2025\/09\/23\/comment-notre-perception-du-poids-faconne-nos-jugements-quotidiens\/#webpage\",\"url\":\"https:\/\/dev.dafaleague.com\/euro-pred-challenge\/in\/2025\/09\/23\/comment-notre-perception-du-poids-faconne-nos-jugements-quotidiens\/\",\"name\":\"EURO Predictor Challenge\",\"isPartOf\":{\"@id\":\"https:\/\/dev.dafaleague.com\/euro-pred-challenge\/in\/#website\"},\"datePublished\":\"2025-09-23T07:15:38+00:00\",\"dateModified\":\"2025-10-29T06:15:54+00:00\",\"author\":{\"@id\":\"https:\/\/dev.dafaleague.com\/euro-pred-challenge\/in\/#\/schema\/person\/775fdee25382d262c6602e28e958174d\"},\"breadcrumb\":{\"@id\":\"https:\/\/dev.dafaleague.com\/euro-pred-challenge\/in\/2025\/09\/23\/comment-notre-perception-du-poids-faconne-nos-jugements-quotidiens\/#breadcrumb\"},\"inLanguage\":\"en-US\",\"potentialAction\":[{\"@type\":\"ReadAction\",\"target\":[\"https:\/\/dev.dafaleague.com\/euro-pred-challenge\/in\/2025\/09\/23\/comment-notre-perception-du-poids-faconne-nos-jugements-quotidiens\/\"]}]},{\"@type\":\"BreadcrumbList\",\"@id\":\"https:\/\/dev.dafaleague.com\/euro-pred-challenge\/in\/2025\/09\/23\/comment-notre-perception-du-poids-faconne-nos-jugements-quotidiens\/#breadcrumb\",\"itemListElement\":[{\"@type\":\"ListItem\",\"position\":1,\"item\":{\"@id\":\"https:\/\/dev.dafaleague.com\/euro-pred-challenge\/in\/2025\/09\/23\/comment-notre-perception-du-poids-faconne-nos-jugements-quotidiens\/#webpage\"}}]},{\"@type\":\"Person\",\"@id\":\"https:\/\/dev.dafaleague.com\/euro-pred-challenge\/in\/#\/schema\/person\/775fdee25382d262c6602e28e958174d\",\"name\":\"euro_pred_admin\",\"image\":{\"@type\":\"ImageObject\",\"@id\":\"https:\/\/dev.dafaleague.com\/euro-pred-challenge\/in\/#personlogo\",\"inLanguage\":\"en-US\",\"url\":\"https:\/\/secure.gravatar.com\/avatar\/7b9d3195ec092fae7abdd0d9d1233c46?s=96&d=mm&r=g\",\"contentUrl\":\"https:\/\/secure.gravatar.com\/avatar\/7b9d3195ec092fae7abdd0d9d1233c46?s=96&d=mm&r=g\",\"caption\":\"euro_pred_admin\"},\"url\":\"https:\/\/dev.dafaleague.com\/euro-pred-challenge\/in\/author\/euro_pred_admin\/\"}]}<\/script>\n<!-- \/ Yoast SEO plugin. -->","_links":{"self":[{"href":"https:\/\/dev.dafaleague.com\/euro-pred-challenge\/in\/wp-json\/wp\/v2\/posts\/11664"}],"collection":[{"href":"https:\/\/dev.dafaleague.com\/euro-pred-challenge\/in\/wp-json\/wp\/v2\/posts"}],"about":[{"href":"https:\/\/dev.dafaleague.com\/euro-pred-challenge\/in\/wp-json\/wp\/v2\/types\/post"}],"author":[{"embeddable":true,"href":"https:\/\/dev.dafaleague.com\/euro-pred-challenge\/in\/wp-json\/wp\/v2\/users\/4"}],"replies":[{"embeddable":true,"href":"https:\/\/dev.dafaleague.com\/euro-pred-challenge\/in\/wp-json\/wp\/v2\/comments?post=11664"}],"version-history":[{"count":1,"href":"https:\/\/dev.dafaleague.com\/euro-pred-challenge\/in\/wp-json\/wp\/v2\/posts\/11664\/revisions"}],"predecessor-version":[{"id":11665,"href":"https:\/\/dev.dafaleague.com\/euro-pred-challenge\/in\/wp-json\/wp\/v2\/posts\/11664\/revisions\/11665"}],"wp:attachment":[{"href":"https:\/\/dev.dafaleague.com\/euro-pred-challenge\/in\/wp-json\/wp\/v2\/media?parent=11664"}],"wp:term":[{"taxonomy":"category","embeddable":true,"href":"https:\/\/dev.dafaleague.com\/euro-pred-challenge\/in\/wp-json\/wp\/v2\/categories?post=11664"},{"taxonomy":"post_tag","embeddable":true,"href":"https:\/\/dev.dafaleague.com\/euro-pred-challenge\/in\/wp-json\/wp\/v2\/tags?post=11664"}],"curies":[{"name":"wp","href":"https:\/\/api.w.org\/{rel}","templated":true}]}}